{"id":11248,"date":"2020-07-17T10:40:44","date_gmt":"2020-07-17T08:40:44","guid":{"rendered":"https:\/\/neu-dfkschlesien.site\/?p=11248"},"modified":"2021-02-09T10:44:28","modified_gmt":"2021-02-09T09:44:28","slug":"uroczystosc-w-lubowicach-transmisja-on-line","status":"publish","type":"post","link":"https:\/\/dfkschlesien.pl\/de\/2020\/07\/17\/uroczystosc-w-lubowicach-transmisja-on-line\/","title":{"rendered":"Festveranstaltung in Lubowitz &#8211; Online-\u00dcbertragung"},"content":{"rendered":"<p><\/p>\n<div class=\"itemBody\">\n<div class=\"itemFullText\">\n<p>Wir laden alle ganz herzlich nach Lubowitz\u00a0<strong>am Samstag, den 18.07.2020\u00a0<\/strong>zu einer Festveranstaltung ein, die unter dem Motto:<br \/>\n<strong>Joseph von Eichendorff\u00a0\u2013\u00a0ein Dichter der vereint,\u00a0<\/strong>steht.<\/p>\n<p><strong>Alle Interessierten d\u00fcrfen an der Messe teilnehmen und die die nich kommen k\u00f6nnen, werden die M\u00f6glichkeit haben diese Feier auch durch das Internet zu verfolgen: <\/strong><strong><a href=\"http:\/\/wochenblatt.pl\/jubilaum-der-europakundgebung\/\">http:\/\/wochenblatt.pl\/jubilaum-der-europakundgebung\/<\/a><\/strong><\/p>\n<p>&nbsp;<\/p>\n<p>\u201eVor 30 Jahren wurde in Lubowitz eine der wichtigsten und gr\u00f6\u00dften Kundgebungen der in der Heimat verbliebenen Deutschen Veranstaltet. Lubowitzer Paneuropatreffen am 20.7.1990. 20.000 Menschen feierten damals erstmals nach dem jahrzehntelangen Verbot der Muttersprache zusammen mit Otto von Habsburg, dem BdV-Vorsitzenden Hartmut Koschyk, Herbert Hupka, Bernd Posselt und Pater Leppich eine Messe in deutscher Sprache an der Eichendorff-Schlo\u00dfruine in Lubowitz (Kreis Ratibor) feiern.<\/p>\n<p>Heute allerdings ist sie ein wenig in Vergessenheit geraten, weshalb der Verband deutscher sozial-kulturellen Gesellschaften und das Eichendorffzentrum die sog. Europa-Kundgebung am 20. Juli 1990 zum 30. Jubil\u00e4um wieder in Erinnerung rufen wollen\u201c.<\/p>\n<p>Text und Foto: Ratibor Oberschlesien<\/p>\n<\/div>\n<\/div>\n<p><\/p>","protected":false},"excerpt":{"rendered":"<p>Wir laden alle ganz herzlich nach Lubowitz\u00a0am Samstag, den 18.07.2020\u00a0zu einer Festveranstaltung ein, die unter dem Motto: Joseph von Eichendorff\u00a0\u2013\u00a0ein Dichter der vereint,\u00a0steht. Alle Interessierten d\u00fcrfen an der Messe teilnehmen und die die nich kommen k\u00f6nnen, werden die M\u00f6glichkeit haben diese Feier auch durch das Internet zu verfolgen: http:\/\/wochenblatt.pl\/jubilaum-der-europakundgebung\/ &nbsp; \u201eVor 30 Jahren wurde in [&hellip;]<\/p>\n","protected":false},"author":1,"featured_media":11250,"comment_status":"closed","ping_status":"open","sticky":false,"template":"","format":"standard","meta":[],"categories":[125],"tags":[],"_links":{"self":[{"href":"https:\/\/dfkschlesien.pl\/de\/wp-json\/wp\/v2\/posts\/11248"}],"collection":[{"href":"https:\/\/dfkschlesien.pl\/de\/wp-json\/wp\/v2\/posts"}],"about":[{"href":"https:\/\/dfkschlesien.pl\/de\/wp-json\/wp\/v2\/types\/post"}],"author":[{"embeddable":true,"href":"https:\/\/dfkschlesien.pl\/de\/wp-json\/wp\/v2\/users\/1"}],"replies":[{"embeddable":true,"href":"https:\/\/dfkschlesien.pl\/de\/wp-json\/wp\/v2\/comments?post=11248"}],"version-history":[{"count":1,"href":"https:\/\/dfkschlesien.pl\/de\/wp-json\/wp\/v2\/posts\/11248\/revisions"}],"predecessor-version":[{"id":11251,"href":"https:\/\/dfkschlesien.pl\/de\/wp-json\/wp\/v2\/posts\/11248\/revisions\/11251"}],"wp:featuredmedia":[{"embeddable":true,"href":"https:\/\/dfkschlesien.pl\/de\/wp-json\/wp\/v2\/media\/11250"}],"wp:attachment":[{"href":"https:\/\/dfkschlesien.pl\/de\/wp-json\/wp\/v2\/media?parent=11248"}],"wp:term":[{"taxonomy":"category","embeddable":true,"href":"https:\/\/dfkschlesien.pl\/de\/wp-json\/wp\/v2\/categories?post=11248"},{"taxonomy":"post_tag","embeddable":true,"href":"https:\/\/dfkschlesien.pl\/de\/wp-json\/wp\/v2\/tags?post=11248"}],"curies":[{"name":"wp","href":"https:\/\/api.w.org\/{rel}","templated":true}]}}