{"id":11259,"date":"2020-12-23T10:53:55","date_gmt":"2020-12-23T09:53:55","guid":{"rendered":"https:\/\/neu-dfkschlesien.site\/?p=11259"},"modified":"2021-02-09T10:57:03","modified_gmt":"2021-02-09T09:57:03","slug":"koncert-swiateczny-w-bytomiu","status":"publish","type":"post","link":"https:\/\/dfkschlesien.pl\/de\/2020\/12\/23\/koncert-swiateczny-w-bytomiu\/","title":{"rendered":"Weihnachtskonzert in Beuthen"},"content":{"rendered":"<p><\/p>\n<div class=\"itemBody\">\n<div class=\"itemFullText\">\n<div dir=\"auto\">Wir laden Sie zur neuen Reihe der Weihnachtskonzerten ein, die in unterschiedlichen Regionen unseres Bezirks aufgenommen werden. Gleich nach den Feiertagen am 27.12.2020 um 18.00 Uhr fangen wir mit dem ersten Konzert an und laden Sie schon jetzt in die St. Margarethen-Kirche in Beuthen ein, wo f\u00fcr Sie Rybniker Gl\u00f6ckchen, Fr\u00f6hliches Streichtrio und Heimatchor aus Beuthen unter der Leitung von Bernadeta Wodarz den Abend musikalisch vers\u00fc\u00dfen.<\/div>\n<div dir=\"auto\">Das Konzert finden Sie auf dem YouTube &#8211; Kanal der Redaktion Mittendrin.<\/div>\n<\/div>\n<\/div>\n<p><\/p>","protected":false},"excerpt":{"rendered":"<p>Wir laden Sie zur neuen Reihe der Weihnachtskonzerten ein, die in unterschiedlichen Regionen unseres Bezirks aufgenommen werden. Gleich nach den Feiertagen am 27.12.2020 um 18.00 Uhr fangen wir mit dem ersten Konzert an und laden Sie schon jetzt in die St. Margarethen-Kirche in Beuthen ein, wo f\u00fcr Sie Rybniker Gl\u00f6ckchen, Fr\u00f6hliches Streichtrio und Heimatchor aus [&hellip;]<\/p>\n","protected":false},"author":1,"featured_media":11261,"comment_status":"closed","ping_status":"open","sticky":false,"template":"","format":"standard","meta":[],"categories":[125],"tags":[],"_links":{"self":[{"href":"https:\/\/dfkschlesien.pl\/de\/wp-json\/wp\/v2\/posts\/11259"}],"collection":[{"href":"https:\/\/dfkschlesien.pl\/de\/wp-json\/wp\/v2\/posts"}],"about":[{"href":"https:\/\/dfkschlesien.pl\/de\/wp-json\/wp\/v2\/types\/post"}],"author":[{"embeddable":true,"href":"https:\/\/dfkschlesien.pl\/de\/wp-json\/wp\/v2\/users\/1"}],"replies":[{"embeddable":true,"href":"https:\/\/dfkschlesien.pl\/de\/wp-json\/wp\/v2\/comments?post=11259"}],"version-history":[{"count":1,"href":"https:\/\/dfkschlesien.pl\/de\/wp-json\/wp\/v2\/posts\/11259\/revisions"}],"predecessor-version":[{"id":11262,"href":"https:\/\/dfkschlesien.pl\/de\/wp-json\/wp\/v2\/posts\/11259\/revisions\/11262"}],"wp:featuredmedia":[{"embeddable":true,"href":"https:\/\/dfkschlesien.pl\/de\/wp-json\/wp\/v2\/media\/11261"}],"wp:attachment":[{"href":"https:\/\/dfkschlesien.pl\/de\/wp-json\/wp\/v2\/media?parent=11259"}],"wp:term":[{"taxonomy":"category","embeddable":true,"href":"https:\/\/dfkschlesien.pl\/de\/wp-json\/wp\/v2\/categories?post=11259"},{"taxonomy":"post_tag","embeddable":true,"href":"https:\/\/dfkschlesien.pl\/de\/wp-json\/wp\/v2\/tags?post=11259"}],"curies":[{"name":"wp","href":"https:\/\/api.w.org\/{rel}","templated":true}]}}