{"id":11718,"date":"2021-06-07T16:56:05","date_gmt":"2021-06-07T14:56:05","guid":{"rendered":"https:\/\/dfkschlesien.pl\/?p=11718"},"modified":"2021-06-18T15:24:15","modified_gmt":"2021-06-18T13:24:15","slug":"pielgrzymka-mniejszosci-narodowych-i-etnicznych-na-gore-sw-anny","status":"publish","type":"post","link":"https:\/\/dfkschlesien.pl\/de\/2021\/06\/07\/pielgrzymka-mniejszosci-narodowych-i-etnicznych-na-gore-sw-anny\/","title":{"rendered":"Wallfahrt der Nationalen und Ethnischen Minderheiten auf St. Annaberg"},"content":{"rendered":"<p>Am 6. Juni 2021 fand am St. Annaberg die Wallfahrt der Nationalen und Ethnischen Minderheiten statt. Die hl. Messe wurde vom Bischof Dr. Andrzej Czaja zelebriert. An der Zeremonie nahmen viele G\u00e4ste teil, darunter der deutsche Botschafter Dr. Arndt Freytag von Loringhoven und Oppelner Woiewode S\u0142awomir K\u0142osowski. Auch Mitglieder unseres Kreises nahmen zahlreich an der Pilgerfahrt teil, darunter unsere Kulturgruppen &#8220;Con Colore&#8221; aus Tost und das Blasorchester &#8220;Kottulin&#8221; aus Kotulin.<\/p>","protected":false},"excerpt":{"rendered":"<p>Am 6. Juni 2021 fand am St. Annaberg die Wallfahrt der Nationalen und Ethnischen Minderheiten statt. Die hl. Messe wurde vom Bischof Dr. Andrzej Czaja zelebriert. An der Zeremonie nahmen viele G\u00e4ste teil, darunter der deutsche Botschafter Dr. Arndt Freytag von Loringhoven und Oppelner Woiewode S\u0142awomir K\u0142osowski. Auch Mitglieder unseres Kreises nahmen zahlreich an der [&hellip;]<\/p>\n","protected":false},"author":1,"featured_media":11737,"comment_status":"closed","ping_status":"open","sticky":false,"template":"","format":"standard","meta":[],"categories":[117],"tags":[],"_links":{"self":[{"href":"https:\/\/dfkschlesien.pl\/de\/wp-json\/wp\/v2\/posts\/11718"}],"collection":[{"href":"https:\/\/dfkschlesien.pl\/de\/wp-json\/wp\/v2\/posts"}],"about":[{"href":"https:\/\/dfkschlesien.pl\/de\/wp-json\/wp\/v2\/types\/post"}],"author":[{"embeddable":true,"href":"https:\/\/dfkschlesien.pl\/de\/wp-json\/wp\/v2\/users\/1"}],"replies":[{"embeddable":true,"href":"https:\/\/dfkschlesien.pl\/de\/wp-json\/wp\/v2\/comments?post=11718"}],"version-history":[{"count":6,"href":"https:\/\/dfkschlesien.pl\/de\/wp-json\/wp\/v2\/posts\/11718\/revisions"}],"predecessor-version":[{"id":11738,"href":"https:\/\/dfkschlesien.pl\/de\/wp-json\/wp\/v2\/posts\/11718\/revisions\/11738"}],"wp:featuredmedia":[{"embeddable":true,"href":"https:\/\/dfkschlesien.pl\/de\/wp-json\/wp\/v2\/media\/11737"}],"wp:attachment":[{"href":"https:\/\/dfkschlesien.pl\/de\/wp-json\/wp\/v2\/media?parent=11718"}],"wp:term":[{"taxonomy":"category","embeddable":true,"href":"https:\/\/dfkschlesien.pl\/de\/wp-json\/wp\/v2\/categories?post=11718"},{"taxonomy":"post_tag","embeddable":true,"href":"https:\/\/dfkschlesien.pl\/de\/wp-json\/wp\/v2\/tags?post=11718"}],"curies":[{"name":"wp","href":"https:\/\/api.w.org\/{rel}","templated":true}]}}