{"id":11772,"date":"2021-06-29T12:09:31","date_gmt":"2021-06-29T10:09:31","guid":{"rendered":"https:\/\/dfkschlesien.pl\/de\/?p=11772"},"modified":"2021-06-29T12:09:31","modified_gmt":"2021-06-29T10:09:31","slug":"obchody-tragedii-gornoslaskiej-przy-obozie-zgoda","status":"publish","type":"post","link":"https:\/\/dfkschlesien.pl\/de\/2021\/06\/29\/obchody-tragedii-gornoslaskiej-przy-obozie-zgoda\/","title":{"rendered":"Feierlichkeiten zum Gedenken der Opfer der Oberschlesischen Trag\u00f6die"},"content":{"rendered":"<p>Der Deutsche Freundschaftskreis Kreisverband Kattowitz organisierte auch in diesem Jahr Feierlichkeiten zum Gedenken der Opfer der Oberschlesischen Trag\u00f6die beim Lager Swi\u0119tochlowitz-Zgoda. Die Feierlichkeiten begannen mit der hl. Messe in der St. Joseph Kirche in K\u00f6nigsh\u00fctte. Danach, um 12.00 Uhr vor dem Lagertor, fand der offizieller Teil mit Reden der geladenen G\u00e4sten und Kranzniederlegung. Die Teilnehmer begaben sich sp\u00e4ter auf den Kommunalfriedhof in Ruda und nahmen an der Andacht am evangelischen Friedhof unter dem Denkmal der Opfer des Lagers Zgoda in Swientochlowitz teil. Diese Initiative wurde finanziell durch das Konsulat der BRD und dem polnischen Innenministerium aus Warschau unterst\u00fctzt.<\/p>","protected":false},"excerpt":{"rendered":"<p>Der Deutsche Freundschaftskreis Kreisverband Kattowitz organisierte auch in diesem Jahr Feierlichkeiten zum Gedenken der Opfer der Oberschlesischen Trag\u00f6die beim Lager Swi\u0119tochlowitz-Zgoda. Die Feierlichkeiten begannen mit der hl. Messe in der St. Joseph Kirche in K\u00f6nigsh\u00fctte. Danach, um 12.00 Uhr vor dem Lagertor, fand der offizieller Teil mit Reden der geladenen G\u00e4sten und Kranzniederlegung. Die Teilnehmer [&hellip;]<\/p>\n","protected":false},"author":1,"featured_media":11773,"comment_status":"closed","ping_status":"open","sticky":false,"template":"","format":"standard","meta":[],"categories":[118],"tags":[],"_links":{"self":[{"href":"https:\/\/dfkschlesien.pl\/de\/wp-json\/wp\/v2\/posts\/11772"}],"collection":[{"href":"https:\/\/dfkschlesien.pl\/de\/wp-json\/wp\/v2\/posts"}],"about":[{"href":"https:\/\/dfkschlesien.pl\/de\/wp-json\/wp\/v2\/types\/post"}],"author":[{"embeddable":true,"href":"https:\/\/dfkschlesien.pl\/de\/wp-json\/wp\/v2\/users\/1"}],"replies":[{"embeddable":true,"href":"https:\/\/dfkschlesien.pl\/de\/wp-json\/wp\/v2\/comments?post=11772"}],"version-history":[{"count":2,"href":"https:\/\/dfkschlesien.pl\/de\/wp-json\/wp\/v2\/posts\/11772\/revisions"}],"predecessor-version":[{"id":11775,"href":"https:\/\/dfkschlesien.pl\/de\/wp-json\/wp\/v2\/posts\/11772\/revisions\/11775"}],"wp:featuredmedia":[{"embeddable":true,"href":"https:\/\/dfkschlesien.pl\/de\/wp-json\/wp\/v2\/media\/11773"}],"wp:attachment":[{"href":"https:\/\/dfkschlesien.pl\/de\/wp-json\/wp\/v2\/media?parent=11772"}],"wp:term":[{"taxonomy":"category","embeddable":true,"href":"https:\/\/dfkschlesien.pl\/de\/wp-json\/wp\/v2\/categories?post=11772"},{"taxonomy":"post_tag","embeddable":true,"href":"https:\/\/dfkschlesien.pl\/de\/wp-json\/wp\/v2\/tags?post=11772"}],"curies":[{"name":"wp","href":"https:\/\/api.w.org\/{rel}","templated":true}]}}