{"id":11941,"date":"2021-11-10T09:59:39","date_gmt":"2021-11-10T08:59:39","guid":{"rendered":"https:\/\/dfkschlesien.pl\/?p=11941"},"modified":"2021-11-22T10:09:20","modified_gmt":"2021-11-22T09:09:20","slug":"cieszyn-maly-wieden","status":"publish","type":"post","link":"https:\/\/dfkschlesien.pl\/de\/2021\/11\/10\/cieszyn-maly-wieden\/","title":{"rendered":"Teschen &#8211; das kleine Wien"},"content":{"rendered":"<p>Am 6. November 2021 pr\u00e4sentierte die DFK Ortsgruppe Kattowitz-Zentrum ihren Mitgliedern, wie auch Sympathisanten die Geschichte von Teschen. W\u00e4hrend des Aufenthaltes in Teschen suchte man nach dem ber\u00fchmten kleinen Wien. Behilflich dabei war der engagierter Referent.<\/p>\n<p>Diese Initiative wurde in Rahmen der &#8220;Begegnungsst\u00e4ttenarbeit&#8221; realisiert.<\/p>","protected":false},"excerpt":{"rendered":"<p>Am 6. November 2021 pr\u00e4sentierte die DFK Ortsgruppe Kattowitz-Zentrum ihren Mitgliedern, wie auch Sympathisanten die Geschichte von Teschen. W\u00e4hrend des Aufenthaltes in Teschen suchte man nach dem ber\u00fchmten kleinen Wien. Behilflich dabei war der engagierter Referent. Diese Initiative wurde in Rahmen der &#8220;Begegnungsst\u00e4ttenarbeit&#8221; realisiert.<\/p>\n","protected":false},"author":5,"featured_media":11942,"comment_status":"closed","ping_status":"open","sticky":false,"template":"","format":"standard","meta":[],"categories":[118],"tags":[],"_links":{"self":[{"href":"https:\/\/dfkschlesien.pl\/de\/wp-json\/wp\/v2\/posts\/11941"}],"collection":[{"href":"https:\/\/dfkschlesien.pl\/de\/wp-json\/wp\/v2\/posts"}],"about":[{"href":"https:\/\/dfkschlesien.pl\/de\/wp-json\/wp\/v2\/types\/post"}],"author":[{"embeddable":true,"href":"https:\/\/dfkschlesien.pl\/de\/wp-json\/wp\/v2\/users\/5"}],"replies":[{"embeddable":true,"href":"https:\/\/dfkschlesien.pl\/de\/wp-json\/wp\/v2\/comments?post=11941"}],"version-history":[{"count":1,"href":"https:\/\/dfkschlesien.pl\/de\/wp-json\/wp\/v2\/posts\/11941\/revisions"}],"predecessor-version":[{"id":11943,"href":"https:\/\/dfkschlesien.pl\/de\/wp-json\/wp\/v2\/posts\/11941\/revisions\/11943"}],"wp:featuredmedia":[{"embeddable":true,"href":"https:\/\/dfkschlesien.pl\/de\/wp-json\/wp\/v2\/media\/11942"}],"wp:attachment":[{"href":"https:\/\/dfkschlesien.pl\/de\/wp-json\/wp\/v2\/media?parent=11941"}],"wp:term":[{"taxonomy":"category","embeddable":true,"href":"https:\/\/dfkschlesien.pl\/de\/wp-json\/wp\/v2\/categories?post=11941"},{"taxonomy":"post_tag","embeddable":true,"href":"https:\/\/dfkschlesien.pl\/de\/wp-json\/wp\/v2\/tags?post=11941"}],"curies":[{"name":"wp","href":"https:\/\/api.w.org\/{rel}","templated":true}]}}