{"id":12055,"date":"2022-03-11T10:58:32","date_gmt":"2022-03-11T09:58:32","guid":{"rendered":"https:\/\/dfkschlesien.pl\/?p=12055"},"modified":"2022-03-11T10:58:32","modified_gmt":"2022-03-11T09:58:32","slug":"glos-rodzicow-ponad-13-tysiecy-podpisow-trafilo-do-ministerstwa","status":"publish","type":"post","link":"https:\/\/dfkschlesien.pl\/de\/2022\/03\/11\/glos-rodzicow-ponad-13-tysiecy-podpisow-trafilo-do-ministerstwa\/","title":{"rendered":"Stimme der Eltern: mehr als 13 Tausend Unterschriften im Ministerium eingereicht"},"content":{"rendered":"<p><strong>Im Zusammenhang mit der Verschlechterung der M\u00f6glichkeit, eine Minderheitensprache durch Kinder der deutschen Minderheit zu erlernen, wurde von Eltern eine Petition gegen die Entscheidung des polnischen Sejms eingereicht, die Ausgaben f\u00fcr Bildung im Bereich der nationalen und ethnischen Minderheitensprachen im Haushalt f\u00fcr 2022 zu k\u00fcrzen. Die Petition wurde in elektronischer Form von 9807 Personen und in Papierform von 3415 Personen unterzeichnet. Am 8. M\u00e4rz 2022 begaben sich Vertreter der deutschen Minderheit, Lehrer, Eltern und Sch\u00fcler zum Sitz des Ministeriums f\u00fcr Bildung und Wissenschaft in Warschau, um die Petition pers\u00f6nlich einzureichen.<\/strong><\/p>\n<p><strong>Agnieszka Ka\u0142a, Lehrerin, Initiatorin der Petition:<\/strong> Als Vertreter der deutschen Minderheit, Eltern, Lehrer und Schulleiter haben wir gerade eine Petition beim Ministerium gegen die Entscheidung der Regierung eingereicht, die Subventionen f\u00fcr das Erlernen der Minderheitensprache Deutsch zu k\u00fcrzen und die Stundenzahl von drei auf eine zu reduzieren. Als Eltern sind wir mit diesem Verhalten unserer Regierung nicht einverstanden. Die Petition wurde online von 9807 und in der Papierversion von 3415 Personen unterzeichnet. Als Initiatorin dieser Petition bin ich erfreut, aber auch schockiert: Dass so viele Menschen meine Bedenken teilen und meinen Protest unterst\u00fctzt haben. Die Petition wurde eingereicht. Wir hoffen, dass es Ergebnisse bringt: damit unsere Kinder als j\u00fcngste B\u00fcrger unseres Landes Deutsch als Minderheitensprache erlernen k\u00f6nnen. Wie kann man in einem Land mit Regeln und mit dem Gesetz Minderheiten in Bessere und Schlechtere einteilen? Als deutsche Minderheit f\u00fchlen wir uns als diese Minderheit minderwertig. Wie sollen Kinder, die diese Sprache lernen, benachteiligt werden und ihre Tradition in nur einer Stunde pro Woche pflegen? Als Lehrerin dieser Sprache kann ich mir nicht vorstellen, wie man den Kernlehrplan f\u00fcr das Erlernen einer Minderheitensprache in einer Stunde umsetzt und diese Kinder ermutigt, die Tradition zu pflegen und die Sprache zu lernen. Das ist meiner Meinung nach fast unm\u00f6glich zu erreichen.<\/p>\n<p><strong>Marcin Buballa, Elternteil:<\/strong> Heute hatten wir die Gelegenheit, ein paar Worte vor dem Vertreter des Ministeriums f\u00fcr Bildung und Wissenschaft, vor dem Direktor Jacek Bana\u015b, zu sagen. Hoffen wir, dass die \u00dcbergabe der Petition f\u00fcr uns alle fruchtbar sein wird und dass dieser besch\u00e4mende, diskriminierende Vorschlag zur\u00fcckgezogen wird. Mir kommt ein Gedanke in den Sinn: Wenn wir miterleben, was hinter unserer Ostgrenze in der Ukraine passiert, beobachten wir den brutalen Angriff des russischen Staates auf die Ukraine, auf das, was dort geschieht, auf die Verfolgung von Kindern, fragen wir uns: Warum? Warum passiert das? Weil eine milit\u00e4rische Macht, eine Supermacht, jemand Kleineren angreifen kann, weil sie besser ist. Vor einigen Monaten hatten wir einen \u00e4hnlichen Pr\u00e4zedenzfall in Polen. Ein Ereignis, das zuvor in den letzten Jahren, seitdem Polen frei und demokratisch ist, nie passiert ist. Eine kleine Gruppe polnischer Staatsb\u00fcrger deutscher Nationalit\u00e4t wurde brutal behandelt. Auf bestialische Weise wurde es in wei\u00dfen Handschuhen von Vertretern der Rechts- und Justizregierung und vom Munde des Abgeordneten Janusz Kowalski und des Ministers Czarnek angegriffen, die entschieden, dass nur die deutsche Minderheit eine begrenzte M\u00f6glichkeit haben sollte, Deutsch als Muttersprache zu lernen. Wer leidet darunter? Unsere Kinder. Was k\u00f6nnen wir als Eltern auf die Fragen der Kinder beantworten: &#8220;Warum? Warum werden wir nur eine Deutschstunde haben und nicht drei? Schlie\u00dflich ist Deutsch cool.&#8221; Weil der polnische Staat uns nicht mag? Uns nicht will? Oder uns nichts vertr\u00e4gt? &#8211; Auf diese Frage gibt es keine gute Antwort. Diese Frage sollte von Vertretern dieses Ministeriums beantwortet werden. Und der letzte Gedanke, der mir in den Sinn kommt: Die polnische Regierung nennt sich Katholiken. Als Katholik wurde ich gelehrt und habe immer gesagt: Man soll den N\u00e4chsten lieben, wie man sich selbst liebt. Man sollte vergeben, um Vergebung bitten. Wir erinnern uns, wie vor mehreren Jahren polnische Bisch\u00f6fe eine \u00e4hnliche Bitte an die deutschen Bisch\u00f6fe richteten und schrieben: Wir vergeben und bitten um Vergebung. Unser Gott ist die Liebe. Ich frage Herrn Kowalski: Was &#8211; oder wer &#8211; ist sein Gott?<\/p>\n<p><strong>Andrea Pola\u0144ski, Bund der Jugend der deutschen Minderheit:<\/strong> Dieser Schritt richtet sich nur an polnische Staatsb\u00fcrger deutscher Herkunft, die deutsche Minderheit. Und das ist daher eine eklatante Diskriminierung dieser sozialen Gruppe. Diese Entscheidung wird vor allem Kinder und Jugendliche betreffen: meine Schwester, meine Nachbarin. Kinder, die nichts f\u00fcr politische Entscheidungen und politische Auseinandersetzungen tun k\u00f6nnen. Dank des Sprachenlernens haben sie die M\u00f6glichkeit, sich kulturell zu entwickeln; sie k\u00f6nnen sich entwickeln, sie k\u00f6nnen Sprachen lernen, sie k\u00f6nnen ins Ausland gehen. Sie haben Chancen, Perspektiven, und all das soll ihnen genommen werden. Auf diese Weise dr\u00fccken wir unseren Protest aus! Wir initiierten die Aktion #niemamowy #sprachlos, der sich Vertreter nationaler und ethnischer Minderheiten aus Polen, aber auch aus dem Ausland anschlossen. Ich denke, es zeigt, wie wichtig diese Sprache ist, wie wichtig sie f\u00fcr die Entwicklung und Zukunft unserer polnischen B\u00fcrger deutscher Herkunft, f\u00fcr die Angeh\u00f6rigen der deutschen Minderheit ist.<\/p>\n<p><strong>Martin Lippa, Vorsitzender der sozial-kulturellen Gesellschaft der Deutschen in Oberschlesien, Vizevorsitzender des Verbandes der deutschen sozial-kulturellen Gesellschaften in Polen:<\/strong> Wir sind heute hierher gekommen, um zu protestieren. Wir kamen aus verschiedenen St\u00e4dten Oberschlesiens, aus verschiedenen Woiwodschaften. Wir kamen aus Ratibor, aus Gleiwitz, aus Oppeln. Auf der Skala dieser beiden Woiwodschaften sind betroffen etwa 500 Klassen. Das sind Tausende von Kindern. Aber denken wir daran, dass dieses Problem auch f\u00fcr unsere Mitglieder gilt, die in anderen Gebieten Polens leben. Aus Sicht der deutschen sozial-kulturellen Gesellschaften in Polen handelt es sich um eine rechtliche und tats\u00e4chliche Diskriminierung aufgrund der Staatsangeh\u00f6rigkeit. Das ist f\u00fcr uns unverst\u00e4ndlich. W\u00e4hrend des Verfahrens, diesen \u00c4nderungsantrag zum Haushalt anzunehmen, haben wir &#8211; ohne zu glauben, dass es passieren kann &#8211; geschaut, wie so etwas in einem demokratischen Staat geschieht. Bis zum Schluss z\u00e4hlten wir auf Vernunft und Umkehr. Leider begr\u00fcnden einige Abgeordnete ihre Stimme mit der angeblichen Disziplin in der Partei. Denken Sie daran, dass die Verordnung genau besagt, dass sie nur Menschen betrifft, die Deutsch als Minderheitensprache lernen. Andere Minderheiten sind nicht betroffen. Als ich heute hier nach Warschau ging, las ich, dass Minister Czarnek, den wir um ein Treffen gebeten haben &#8211; bisher ist es nicht geschehen -, sich f\u00fcr Herrn Kowalski eingesetzt hat, als er aus dem Studio von Radio Zet fortgeschickt wurde und solch ein Vorgehen als russische Standards nannte. Wenn dies russische Standards sind, welche Standards sind dann Standards, die eine bestimmte soziale Gruppe von der M\u00f6glichkeit ausschlie\u00dfen, in der Sprache des Herzens unterrichtet zu werden? Unser Protest haben wir auch bei verschiedenen EU-Institutionen eingereicht: bei der Europ\u00e4ischen Kommission, beim Europarat. Der Letztere hat reagiert und best\u00e4tigt: Diese Entscheidung wird die M\u00f6glichkeit des Unterrichts in der Muttersprache, in diesem Fall Deutsch, erheblich einschr\u00e4nken. Wir appellieren an den gesunden Menschenverstand um die Wiederherstellung dieser Stunden, denn &#8211; obwohl es sowieso nicht viele davon gibt &#8211; sind es deutlich mehr als nur eine.<\/p>\n<p><strong>Ryszard Galla, Angeh\u00f6riger der deutschen Minderheit:<\/strong> Auch heute fand eine weitere Initiative statt: Die Kontrolle der Abgeordneten wurde abgeschlossen. Zusammen mit Frau Krystyna Szumilas, Ministerin f\u00fcr Bildung und Wissenschaft, und Frau Barbara Nowacka, kontrollierten wir die Verfahren zur Einf\u00fchrung der Verordnung im Ministerium f\u00fcr Bildung und Wissenschaft. Als Ergebnis dieser Arbeit wird heute ein Schreiben an Minister Czarnek \u00fcbermittelt, in dem er aufgefordert wird, diese Verordnung aufzuheben. Es ist ein achtseitiger Brief. Die Schlussfolgerung ist praktisch eine halbe Seite, und der Rest ist eine Rechtfertigung: Eine riesige, riesige Rechtfertigung, die auf der Meinung von Professor Jab\u0142o\u0144ski oder Professor Grzegorz Janusz basiert. Ich hoffe, dass dieser Vorschlag vom Ministerium ernst genommen und dass diese Verordnung so schnell wie m\u00f6glich aufgehoben wird.<\/p>\n<p>Text und Bild: VdG<\/p>","protected":false},"excerpt":{"rendered":"<p>Im Zusammenhang mit der Verschlechterung der M\u00f6glichkeit, eine Minderheitensprache durch Kinder der deutschen Minderheit zu erlernen, wurde von Eltern eine Petition gegen die Entscheidung des polnischen Sejms eingereicht, die Ausgaben f\u00fcr Bildung im Bereich der nationalen und ethnischen Minderheitensprachen im Haushalt f\u00fcr 2022 zu k\u00fcrzen. Die Petition wurde in elektronischer Form von 9807 Personen und [&hellip;]<\/p>\n","protected":false},"author":4,"featured_media":12056,"comment_status":"closed","ping_status":"open","sticky":false,"template":"","format":"standard","meta":[],"categories":[125],"tags":[],"_links":{"self":[{"href":"https:\/\/dfkschlesien.pl\/de\/wp-json\/wp\/v2\/posts\/12055"}],"collection":[{"href":"https:\/\/dfkschlesien.pl\/de\/wp-json\/wp\/v2\/posts"}],"about":[{"href":"https:\/\/dfkschlesien.pl\/de\/wp-json\/wp\/v2\/types\/post"}],"author":[{"embeddable":true,"href":"https:\/\/dfkschlesien.pl\/de\/wp-json\/wp\/v2\/users\/4"}],"replies":[{"embeddable":true,"href":"https:\/\/dfkschlesien.pl\/de\/wp-json\/wp\/v2\/comments?post=12055"}],"version-history":[{"count":1,"href":"https:\/\/dfkschlesien.pl\/de\/wp-json\/wp\/v2\/posts\/12055\/revisions"}],"predecessor-version":[{"id":12057,"href":"https:\/\/dfkschlesien.pl\/de\/wp-json\/wp\/v2\/posts\/12055\/revisions\/12057"}],"wp:featuredmedia":[{"embeddable":true,"href":"https:\/\/dfkschlesien.pl\/de\/wp-json\/wp\/v2\/media\/12056"}],"wp:attachment":[{"href":"https:\/\/dfkschlesien.pl\/de\/wp-json\/wp\/v2\/media?parent=12055"}],"wp:term":[{"taxonomy":"category","embeddable":true,"href":"https:\/\/dfkschlesien.pl\/de\/wp-json\/wp\/v2\/categories?post=12055"},{"taxonomy":"post_tag","embeddable":true,"href":"https:\/\/dfkschlesien.pl\/de\/wp-json\/wp\/v2\/tags?post=12055"}],"curies":[{"name":"wp","href":"https:\/\/api.w.org\/{rel}","templated":true}]}}