{"id":12188,"date":"2022-05-05T10:39:23","date_gmt":"2022-05-05T08:39:23","guid":{"rendered":"https:\/\/dfkschlesien.pl\/?p=12188"},"modified":"2022-05-10T13:28:46","modified_gmt":"2022-05-10T11:28:46","slug":"georg-bruning-w-ramach-nocy-muzeow","status":"publish","type":"post","link":"https:\/\/dfkschlesien.pl\/de\/2022\/05\/05\/georg-bruning-w-ramach-nocy-muzeow\/","title":{"rendered":"Georg Br\u00fcning w\u00e4hrend der Nacht der Museen"},"content":{"rendered":"<p>Der DFK Beuthen-Mitte l\u00e4dt alle herzlich zur diesj\u00e4hrigen Langen Nacht der Museen zum Oberschlesischen Museum zu Beuthen ein! W\u00e4hrend dieser Veranstaltung wird der Film &#8220;Georg Br\u00fcning \u2013 hervorragender Europ\u00e4er&#8221; gezeigt, der im vergangenen Jahr anl\u00e4sslich des 170. Geburtstags des Oberb\u00fcrgermeisters entstanden ist. Nach jeder Vorf\u00fchrung wird eine Podiumsdiskussion mit den Initiatoren des Films geplant.<\/p>\n<p>Wann? 14. Mai 2022<\/p>\n<p>Um den Interessenten an der Vorf\u00fchrung des Films &#8220;Georg Br\u00fcning &#8211; hervorragender Europ\u00e4er&#8221; den Besuch der Ausstellung &#8220;Spur der Generationen. Von der Synagoge zum j\u00fcdischen Gebetshaus in Beuthen&#8221; zu erleichtern, beschloss man die Uhrzeit der Filmvorf\u00fchrungen zu aktualisieren. Wir laden Sie ein, sich die Ausstellung von 19:00 Uhr bis 20:00 Uhr oder von 20:30 bis 21:30 Uhr anzuschauen und sp\u00e4ter an der Filmvorf\u00fchrung mit anschlie\u00dfender Podiumsdiskussion teilzunehmen.<\/p>\n<p>&nbsp;<\/p>","protected":false},"excerpt":{"rendered":"<p>Der DFK Beuthen-Mitte l\u00e4dt alle herzlich zur diesj\u00e4hrigen Langen Nacht der Museen zum Oberschlesischen Museum zu Beuthen ein! W\u00e4hrend dieser Veranstaltung wird der Film &#8220;Georg Br\u00fcning \u2013 hervorragender Europ\u00e4er&#8221; gezeigt, der im vergangenen Jahr anl\u00e4sslich des 170. Geburtstags des Oberb\u00fcrgermeisters entstanden ist. Nach jeder Vorf\u00fchrung wird eine Podiumsdiskussion mit den Initiatoren des Films geplant. Wann? [&hellip;]<\/p>\n","protected":false},"author":1,"featured_media":12189,"comment_status":"closed","ping_status":"open","sticky":false,"template":"","format":"standard","meta":[],"categories":[116],"tags":[],"_links":{"self":[{"href":"https:\/\/dfkschlesien.pl\/de\/wp-json\/wp\/v2\/posts\/12188"}],"collection":[{"href":"https:\/\/dfkschlesien.pl\/de\/wp-json\/wp\/v2\/posts"}],"about":[{"href":"https:\/\/dfkschlesien.pl\/de\/wp-json\/wp\/v2\/types\/post"}],"author":[{"embeddable":true,"href":"https:\/\/dfkschlesien.pl\/de\/wp-json\/wp\/v2\/users\/1"}],"replies":[{"embeddable":true,"href":"https:\/\/dfkschlesien.pl\/de\/wp-json\/wp\/v2\/comments?post=12188"}],"version-history":[{"count":4,"href":"https:\/\/dfkschlesien.pl\/de\/wp-json\/wp\/v2\/posts\/12188\/revisions"}],"predecessor-version":[{"id":12212,"href":"https:\/\/dfkschlesien.pl\/de\/wp-json\/wp\/v2\/posts\/12188\/revisions\/12212"}],"wp:featuredmedia":[{"embeddable":true,"href":"https:\/\/dfkschlesien.pl\/de\/wp-json\/wp\/v2\/media\/12189"}],"wp:attachment":[{"href":"https:\/\/dfkschlesien.pl\/de\/wp-json\/wp\/v2\/media?parent=12188"}],"wp:term":[{"taxonomy":"category","embeddable":true,"href":"https:\/\/dfkschlesien.pl\/de\/wp-json\/wp\/v2\/categories?post=12188"},{"taxonomy":"post_tag","embeddable":true,"href":"https:\/\/dfkschlesien.pl\/de\/wp-json\/wp\/v2\/tags?post=12188"}],"curies":[{"name":"wp","href":"https:\/\/api.w.org\/{rel}","templated":true}]}}