{"id":12207,"date":"2022-05-09T06:17:41","date_gmt":"2022-05-09T04:17:41","guid":{"rendered":"https:\/\/dfkschlesien.pl\/?p=12207"},"modified":"2022-05-10T13:23:20","modified_gmt":"2022-05-10T11:23:20","slug":"smutne-wiesci-z-bytomia","status":"publish","type":"post","link":"https:\/\/dfkschlesien.pl\/de\/2022\/05\/09\/smutne-wiesci-z-bytomia\/","title":{"rendered":"Traurige Nachricht aus Beuthen"},"content":{"rendered":"<p>Mit gro\u00dfem Schmerz und in tiefer Trauer teilen wir mit, dass gestern Pater Hubert Lupa verstorben ist. Pater Hubert war Freund der Beuthener deutschen Minderheit und ein gesch\u00e4tzter Seelsorger, der sich f\u00fcr die Feier der Gottesdienste in deutscher Sprache in Beuthen engagierte.<br \/>\nDer Trauergottesdienst f\u00fcr den verstorbenen Pater Hubert Lupa findet am 12. Mai 2022 (Donnerstag) um 12:00 Uhr in der Margarethenkirche in Beuthen statt. Danach wird die Beerdigungszeremonie auf dem Pfarrfriedhof stattfinden.<\/p>\n<p>Herr, gib Ihm die ewige Ruhe&#8230;<\/p>","protected":false},"excerpt":{"rendered":"<p>Mit gro\u00dfem Schmerz und in tiefer Trauer teilen wir mit, dass gestern Pater Hubert Lupa verstorben ist. Pater Hubert war Freund der Beuthener deutschen Minderheit und ein gesch\u00e4tzter Seelsorger, der sich f\u00fcr die Feier der Gottesdienste in deutscher Sprache in Beuthen engagierte. Der Trauergottesdienst f\u00fcr den verstorbenen Pater Hubert Lupa findet am 12. Mai 2022 [&hellip;]<\/p>\n","protected":false},"author":1,"featured_media":12208,"comment_status":"closed","ping_status":"open","sticky":false,"template":"","format":"standard","meta":[],"categories":[116],"tags":[],"_links":{"self":[{"href":"https:\/\/dfkschlesien.pl\/de\/wp-json\/wp\/v2\/posts\/12207"}],"collection":[{"href":"https:\/\/dfkschlesien.pl\/de\/wp-json\/wp\/v2\/posts"}],"about":[{"href":"https:\/\/dfkschlesien.pl\/de\/wp-json\/wp\/v2\/types\/post"}],"author":[{"embeddable":true,"href":"https:\/\/dfkschlesien.pl\/de\/wp-json\/wp\/v2\/users\/1"}],"replies":[{"embeddable":true,"href":"https:\/\/dfkschlesien.pl\/de\/wp-json\/wp\/v2\/comments?post=12207"}],"version-history":[{"count":3,"href":"https:\/\/dfkschlesien.pl\/de\/wp-json\/wp\/v2\/posts\/12207\/revisions"}],"predecessor-version":[{"id":12211,"href":"https:\/\/dfkschlesien.pl\/de\/wp-json\/wp\/v2\/posts\/12207\/revisions\/12211"}],"wp:featuredmedia":[{"embeddable":true,"href":"https:\/\/dfkschlesien.pl\/de\/wp-json\/wp\/v2\/media\/12208"}],"wp:attachment":[{"href":"https:\/\/dfkschlesien.pl\/de\/wp-json\/wp\/v2\/media?parent=12207"}],"wp:term":[{"taxonomy":"category","embeddable":true,"href":"https:\/\/dfkschlesien.pl\/de\/wp-json\/wp\/v2\/categories?post=12207"},{"taxonomy":"post_tag","embeddable":true,"href":"https:\/\/dfkschlesien.pl\/de\/wp-json\/wp\/v2\/tags?post=12207"}],"curies":[{"name":"wp","href":"https:\/\/api.w.org\/{rel}","templated":true}]}}