{"id":12234,"date":"2022-05-26T13:17:45","date_gmt":"2022-05-26T11:17:45","guid":{"rendered":"https:\/\/dfkschlesien.pl\/de\/?p=12234"},"modified":"2022-10-19T13:19:18","modified_gmt":"2022-10-19T11:19:18","slug":"miedzynarodowe-warsztaty-eco-thinking-w-bratyslawie","status":"publish","type":"post","link":"https:\/\/dfkschlesien.pl\/de\/2022\/05\/26\/miedzynarodowe-warsztaty-eco-thinking-w-bratyslawie\/","title":{"rendered":"Internationale Denkwerkstatt: Nachhaltigkeit in Bratislava"},"content":{"rendered":"<p>Das Institut f\u00fcr Auslandsbeziehungen (ifa) veranstaltet mit seinen Kulturmanagern bei den Organisationen der Deutschen Minderheit in drei L\u00e4ndern \u2013 Polen, Tschechien und Slowakei \u2013 ein internationales Jugendaustauschprojekt unter dem angegebenen Titel.<\/p>\n<p>Die Denkwerkstatt wird vom 24.06. (Anreisetag) bis zum 27.06.2022 (Abreisetag) in Bratislava durchgef\u00fchrt.<\/p>\n<p>Im Zuge der Denkwerkstatt kommen Teilnehmende aus den L\u00e4ndern Polen, Tschechien &amp; Slowakei zusammen, um sich in Workshops mit Themen von Klimawandel &amp; Nachhaltigkeit auseinanderzusetzen. W\u00e4hrend der gemeinsamen Workshops k\u00f6nnen sich die Teilnehmenden zudem untereinander vernetzen, um grenz\u00fcberschreitende Kooperationen zu st\u00e4rken und eine globale Perspektive auf die deutsche Minderheit zu werfen.<\/p>\n<p>Inhaltlich soll die Denkwerkstatt zu einer verst\u00e4rkten Sensibilisierung bei den Themen Nachhaltigkeit, Klimawandel &amp; Klimagerechtigkeit in der deutschen Minderheit f\u00fchren und als \u201eLeuchtturm\u201c auch in die Mehrheitsgesellschaft hineinreichen, um so einen Beitrag gegen die drohende Klimakatastrophe zu leisten.<\/p>\n<p>Ferner soll das Projekt langfristig dazu dienen, das Bewusstsein der Jugendlichen in Hinblick auf ihr Engagement f\u00fcr die deutsche Minderheit zu f\u00f6rdern.<\/p>\n<p>Eingeladen sind insgesamt 30 Jugendliche im Alter zwischen 16 und 21 Jahren mit einem Bezug zu den deutschen Minderheiten.<\/p>\n<p>Das Programm besteht auf theoretischen und praktischen Elementen und wird in Form von Workshops zur Vermittlung methodischer und inhaltlicher Fertigkeiten in Bezug auf Umweltschutz, Klimagerechtigkeit, Nachhaltigkeit und Fast Fashion gestaltet.<\/p>\n<p>Die Jugendlichen arbeiten in Gruppen und am Ende pr\u00e4sentieren alle Gruppen ihre Ergebnisse der Projektarbeit. Die genutzte Sprache im Projekt ist Deutsch.<\/p>\n<p>Anmeldung f\u00fcr Jugendliche:<\/p>\n<p>Jugendliche k\u00f6nnen sich bis zum 29.05.2022 bewerben.<\/p>\n<p>Alle Informationen zum Projekt gibt es in der Ausschreibung und dem Bewerbungsformular, welche unter https:\/\/bjdm.eu\/de\/2022\/05\/17\/miedzynarodowe-warsztaty-eco-thinking\/ zu finden sind.<\/p>","protected":false},"excerpt":{"rendered":"<p>Das Institut f\u00fcr Auslandsbeziehungen (ifa) veranstaltet mit seinen Kulturmanagern bei den Organisationen der Deutschen Minderheit in drei L\u00e4ndern \u2013 Polen, Tschechien und Slowakei \u2013 ein internationales Jugendaustauschprojekt unter dem angegebenen Titel. Die Denkwerkstatt wird vom 24.06. (Anreisetag) bis zum 27.06.2022 (Abreisetag) in Bratislava durchgef\u00fchrt. Im Zuge der Denkwerkstatt kommen Teilnehmende aus den L\u00e4ndern Polen, Tschechien [&hellip;]<\/p>\n","protected":false},"author":1,"featured_media":12235,"comment_status":"closed","ping_status":"open","sticky":false,"template":"","format":"standard","meta":[],"categories":[126],"tags":[],"_links":{"self":[{"href":"https:\/\/dfkschlesien.pl\/de\/wp-json\/wp\/v2\/posts\/12234"}],"collection":[{"href":"https:\/\/dfkschlesien.pl\/de\/wp-json\/wp\/v2\/posts"}],"about":[{"href":"https:\/\/dfkschlesien.pl\/de\/wp-json\/wp\/v2\/types\/post"}],"author":[{"embeddable":true,"href":"https:\/\/dfkschlesien.pl\/de\/wp-json\/wp\/v2\/users\/1"}],"replies":[{"embeddable":true,"href":"https:\/\/dfkschlesien.pl\/de\/wp-json\/wp\/v2\/comments?post=12234"}],"version-history":[{"count":2,"href":"https:\/\/dfkschlesien.pl\/de\/wp-json\/wp\/v2\/posts\/12234\/revisions"}],"predecessor-version":[{"id":12369,"href":"https:\/\/dfkschlesien.pl\/de\/wp-json\/wp\/v2\/posts\/12234\/revisions\/12369"}],"wp:featuredmedia":[{"embeddable":true,"href":"https:\/\/dfkschlesien.pl\/de\/wp-json\/wp\/v2\/media\/12235"}],"wp:attachment":[{"href":"https:\/\/dfkschlesien.pl\/de\/wp-json\/wp\/v2\/media?parent=12234"}],"wp:term":[{"taxonomy":"category","embeddable":true,"href":"https:\/\/dfkschlesien.pl\/de\/wp-json\/wp\/v2\/categories?post=12234"},{"taxonomy":"post_tag","embeddable":true,"href":"https:\/\/dfkschlesien.pl\/de\/wp-json\/wp\/v2\/tags?post=12234"}],"curies":[{"name":"wp","href":"https:\/\/api.w.org\/{rel}","templated":true}]}}