{"id":12801,"date":"2024-03-06T17:05:52","date_gmt":"2024-03-06T16:05:52","guid":{"rendered":"https:\/\/dfkschlesien.pl\/?p=12801"},"modified":"2024-03-06T17:08:13","modified_gmt":"2024-03-06T16:08:13","slug":"pro-ecclesia-et-pontifice-dla-hansa-steina-z-salzbergen","status":"publish","type":"post","link":"https:\/\/dfkschlesien.pl\/de\/2024\/03\/06\/pro-ecclesia-et-pontifice-dla-hansa-steina-z-salzbergen\/","title":{"rendered":"\u201ePro Ecclesia et Pontifice\u201d f\u00fcr Hans Stein aus Salzbergen"},"content":{"rendered":"<p><strong>Am 16. M\u00e4rz 2024 findet um 11:00 Uhr in der St. Wenzelskirche in Kranowitz (Krzanowice) eine ungew\u00f6hnliche Zeremonie statt. Aus den H\u00e4nden von Bischof Rudolf Pierska\u0142a wird Hans Stein aus Salzbergen (Niedersachsen) das Kreuz \u201ePro Ecclesia et Pontifice\u201c erhalten. <\/strong><\/p>\n<p>Dies ist eine der h\u00f6chsten Auszeichnungen des Heiligen Stuhls. Das Kreuz \u201ePro Ecclesia et Pontifice\u201c wird vom Papst auf Antrag des Di\u00f6zesanbischofs in Anerkennung des Engagements f\u00fcr die Kirche verliehen.<\/p>\n<p>Der Antrag wurde von der DFK-Ortsgruppe Kranowitz auf Initiative des ehemaligen Pfarrers Pater Schiwon eingereicht. Hans Stein und eine Gruppe von Einwohnern von Salzbergen hatten seit 1997, der Zeit der gro\u00dfen \u00dcberschwemmung, \u00fcber die Caritas der Di\u00f6zese Oppeln verschiedene, damals ben\u00f6tigte Hilfsg\u00fcter transportiert; Frauen-, M\u00e4nner- und Kinderkleidung, sowie Schuhe, Krankenhausbetten, medizinische und Rehabilitationsger\u00e4te f\u00fcr \u00e4ltere Menschen, Medizin- und Reinigungsmittel, usw.<\/p>\n<p>Im Laufe der Jahre ging die Gemeinde Kranowitz eine Partnerschaft mit der Gemeinde Salzbergen ein. Im Mai 2006 wurde ein Kooperations- und Partnerschaftsvertrag zwischen den Gemeinden Salzbergen und Kranowitz unterzeichnet. Eine Zusammenarbeit startete auch zwischen der Schule in Kranowitz und der Realschule in Salzbergen, den Freiwilligen Feuerwehren, den Sportvereinen und auch zwischen den Anwohnern. Hans Stein organisierte Ausfl\u00fcge der Salzberger, um die Umgebung unserer kleinen Heimat zu erkunden und kennenzulernen. Der Chor \u201eCecylia\u201c aus Kranowitz nahm f\u00fcnfmal am \u201eLichterfest\u201c, einem Weihnachtsfest in Salzbergen teil. Die Gemeinden leben ihre Partnerschaft sehr breit aus.<\/p>\n<p>Der gr\u00f6\u00dfte Beitrag von Herrn Stein ist die materielle Unterst\u00fctzung von \u00e4lteren Menschen, Behinderten und von Menschen, die von Naturkatastrophen und anderen Ungl\u00fccken betroffen sind. Das Pflegezentrum in Kranowitz unterst\u00fctzt Hans Stein mit Reinigungs-, K\u00f6rperpflegemitteln und Ausr\u00fcstungen.<\/p>\n<p>Im M\u00e4rz 2022 kam er mit einem Transport nicht nur nach Kranowitz, sondern auch zum befreundeten Rohatyn in der Ukraine. Er brachte den Transport pers\u00f6nlich an die Grenze nach Medyka, wo auf ihn der Pfarrer Bihun, Direktor der Caritas in Rohatyn, wartete.<\/p>\n<p>Die Verdienste von Hans Stein wurden auch von der Bundesregierung gew\u00fcrdigt. Am 29. Juli 2021 wurde er mit dem Bundesverdienstkreuz f\u00fcr die Zusammenarbeit der Gemeinde Salzbergen mit der Gemeinde Kranowitz in den Jahren 1997-2021 ausgezeichnet. Dank Hans Stein hat die Zusammenarbeit n\u00e4mlich begonnen.<\/p>\n<p>Der DFK Kranowitz l\u00e4dt am 16. M\u00e4rz um 11 Uhr in die Kirche in Kranowitz zu diesem besonderen Anlass ein.<\/p>\n<p>Kornelia Pawliczek-B\u0142o\u0144ska<\/p>","protected":false},"excerpt":{"rendered":"<p>Am 16. M\u00e4rz 2024 findet um 11:00 Uhr in der St. Wenzelskirche in Kranowitz (Krzanowice) eine ungew\u00f6hnliche Zeremonie statt. Aus den H\u00e4nden von Bischof Rudolf Pierska\u0142a wird Hans Stein aus Salzbergen (Niedersachsen) das Kreuz \u201ePro Ecclesia et Pontifice\u201c erhalten. Dies ist eine der h\u00f6chsten Auszeichnungen des Heiligen Stuhls. Das Kreuz \u201ePro Ecclesia et Pontifice\u201c wird [&hellip;]<\/p>\n","protected":false},"author":9,"featured_media":12804,"comment_status":"closed","ping_status":"open","sticky":false,"template":"","format":"standard","meta":[],"categories":[119],"tags":[],"_links":{"self":[{"href":"https:\/\/dfkschlesien.pl\/de\/wp-json\/wp\/v2\/posts\/12801"}],"collection":[{"href":"https:\/\/dfkschlesien.pl\/de\/wp-json\/wp\/v2\/posts"}],"about":[{"href":"https:\/\/dfkschlesien.pl\/de\/wp-json\/wp\/v2\/types\/post"}],"author":[{"embeddable":true,"href":"https:\/\/dfkschlesien.pl\/de\/wp-json\/wp\/v2\/users\/9"}],"replies":[{"embeddable":true,"href":"https:\/\/dfkschlesien.pl\/de\/wp-json\/wp\/v2\/comments?post=12801"}],"version-history":[{"count":1,"href":"https:\/\/dfkschlesien.pl\/de\/wp-json\/wp\/v2\/posts\/12801\/revisions"}],"predecessor-version":[{"id":12803,"href":"https:\/\/dfkschlesien.pl\/de\/wp-json\/wp\/v2\/posts\/12801\/revisions\/12803"}],"wp:featuredmedia":[{"embeddable":true,"href":"https:\/\/dfkschlesien.pl\/de\/wp-json\/wp\/v2\/media\/12804"}],"wp:attachment":[{"href":"https:\/\/dfkschlesien.pl\/de\/wp-json\/wp\/v2\/media?parent=12801"}],"wp:term":[{"taxonomy":"category","embeddable":true,"href":"https:\/\/dfkschlesien.pl\/de\/wp-json\/wp\/v2\/categories?post=12801"},{"taxonomy":"post_tag","embeddable":true,"href":"https:\/\/dfkschlesien.pl\/de\/wp-json\/wp\/v2\/tags?post=12801"}],"curies":[{"name":"wp","href":"https:\/\/api.w.org\/{rel}","templated":true}]}}