{"id":13203,"date":"2024-10-02T09:05:03","date_gmt":"2024-10-02T07:05:03","guid":{"rendered":"https:\/\/dfkschlesien.pl\/?p=13203"},"modified":"2024-10-02T09:31:15","modified_gmt":"2024-10-02T07:31:15","slug":"specjalistyczny-kurs","status":"publish","type":"post","link":"https:\/\/dfkschlesien.pl\/de\/2024\/10\/02\/specjalistyczny-kurs\/","title":{"rendered":"Medien Fachkurs!"},"content":{"rendered":"<p><\/p>\n<p id=\"tw-target-text\" class=\"tw-data-text tw-text-large tw-ta\" dir=\"ltr\" data-placeholder=\"T\u0142umaczenie\" data-ved=\"2ahUKEwjUlLXRlO-IAxUmBdsEHT1RGwEQ3ewLegQIBxAT\" aria-label=\"Przet\u0142umaczony tekst: Wir laden Sie herzlich ein, am beginnenden Online-Medienkurs teilzunehmen\nam 23. Oktober 2024 um 17 Uhr\u00a0Dies ist eine einzigartige Gelegenheit, praktische F\u00e4higkeiten in... zu erwerben.\nMedien und machen Sie sich mit modernen Kommunikationsmitteln vertraut.\"><span class=\"Y2IQFc\" lang=\"de\">Wir laden Sie herzlich ein, am beginnenden Online-Medienkurs teilzunehmen der am 23. Oktober 2024 um 17 Uhr stattfindet. Dies ist eine einzigartige Gelegenheit, praktische F\u00e4higkeiten in den Medien zu erwerben und sich mit modernen Kommunikationsmitteln vertraut zu machen.<\/span><\/p>\n<div id=\"tw-target-text-container\" class=\"tw-ta-container F0azHf tw-nfl\" tabindex=\"0\">\n<p id=\"tw-target-text\" class=\"tw-data-text tw-text-large tw-ta\" dir=\"ltr\" data-placeholder=\"T\u0142umaczenie\" data-ved=\"2ahUKEwjUlLXRlO-IAxUmBdsEHT1RGwEQ3ewLegQIBxAT\" aria-label=\"Przet\u0142umaczony tekst: Der Kurs beinhaltet eine umfassende Schulung und gliedert sich in folgende Themen:\n\uf0b7 Einf\u00fchrung in die Welt der Medien (23. Oktober 2024; 17:00 \u2013 19:00 Uhr)\n\u201eMedien\u201c \u2013 Definition, Eigenschaften\nKodex\/Regeln f\u00fcr den Journalismus\nBeruf\/Beruf eines Journalisten\n\uf0b7 Texte \u201ef\u00fcrs Ohr\u201c und \u201ef\u00fcrs Auge\u201c (30.10.2024; 17:00-20:00)\nRecherche und Textbearbeitung\nRegeln f\u00fcr die Aufbereitung von Texten \u201ef\u00fcr das Ohr\u201c und \u201ef\u00fcr das Auge\u201c\nInformationsdienst \u2013 Aufbau, Regeln\nPressemitteilung \u2013 Struktur und Regeln\"><span class=\"Y2IQFc\" lang=\"de\">Der Kurs beinhaltet eine umfassende Schulung und gliedert sich in folgende Themen: <\/span><\/p>\n<p class=\"tw-data-text tw-text-large tw-ta\" dir=\"ltr\" data-placeholder=\"T\u0142umaczenie\" data-ved=\"2ahUKEwjUlLXRlO-IAxUmBdsEHT1RGwEQ3ewLegQIBxAT\" aria-label=\"Przet\u0142umaczony tekst: Der Kurs beinhaltet eine umfassende Schulung und gliedert sich in folgende Themen:\n\uf0b7 Einf\u00fchrung in die Welt der Medien (23. Oktober 2024; 17:00 \u2013 19:00 Uhr)\n\u201eMedien\u201c \u2013 Definition, Eigenschaften\nKodex\/Regeln f\u00fcr den Journalismus\nBeruf\/Beruf eines Journalisten\n\uf0b7 Texte \u201ef\u00fcrs Ohr\u201c und \u201ef\u00fcrs Auge\u201c (30.10.2024; 17:00-20:00)\nRecherche und Textbearbeitung\nRegeln f\u00fcr die Aufbereitung von Texten \u201ef\u00fcr das Ohr\u201c und \u201ef\u00fcr das Auge\u201c\nInformationsdienst \u2013 Aufbau, Regeln\nPressemitteilung \u2013 Struktur und Regeln\"><span class=\"Y2IQFc\" lang=\"de\">a) Einf\u00fchrung in die Welt der Medien (23. Oktober 2024; 17:00 \u2013 19:00 Uhr) \u201eMedien\u201c \u2013 Definition, Eigenschaften Kodex\/Regeln f\u00fcr den Journalismus Beruf\/Beruf eines Journalisten <\/span><\/p>\n<p class=\"tw-data-text tw-text-large tw-ta\" dir=\"ltr\" data-placeholder=\"T\u0142umaczenie\" data-ved=\"2ahUKEwjUlLXRlO-IAxUmBdsEHT1RGwEQ3ewLegQIBxAT\" aria-label=\"Przet\u0142umaczony tekst: Der Kurs beinhaltet eine umfassende Schulung und gliedert sich in folgende Themen:\n\uf0b7 Einf\u00fchrung in die Welt der Medien (23. Oktober 2024; 17:00 \u2013 19:00 Uhr)\n\u201eMedien\u201c \u2013 Definition, Eigenschaften\nKodex\/Regeln f\u00fcr den Journalismus\nBeruf\/Beruf eines Journalisten\n\uf0b7 Texte \u201ef\u00fcrs Ohr\u201c und \u201ef\u00fcrs Auge\u201c (30.10.2024; 17:00-20:00)\nRecherche und Textbearbeitung\nRegeln f\u00fcr die Aufbereitung von Texten \u201ef\u00fcr das Ohr\u201c und \u201ef\u00fcr das Auge\u201c\nInformationsdienst \u2013 Aufbau, Regeln\nPressemitteilung \u2013 Struktur und Regeln\"><span class=\"Y2IQFc\" lang=\"de\">b) Texte \u201ef\u00fcrs Ohr\u201c und \u201ef\u00fcrs Auge\u201c (30.10.2024; 17:00-20:00) Recherche und Textbearbeitung Regeln f\u00fcr die Aufbereitung von Texten \u201ef\u00fcr das Ohr\u201c und \u201ef\u00fcr das Auge\u201c Informationsdienst \u2013 Aufbau, Regeln Pressemitteilung \u2013 Struktur und Regeln<\/span><\/p>\n<p id=\"tw-target-text\" class=\"tw-data-text tw-text-large tw-ta\" dir=\"ltr\" data-placeholder=\"T\u0142umaczenie\" data-ved=\"2ahUKEwjUlLXRlO-IAxUmBdsEHT1RGwEQ3ewLegQIBxAT\" aria-label=\"Przet\u0142umaczony tekst: \uf0b7 Medienpr\u00e4sentation (06.11.2024; 17:00-19:00)\n\u201eDate\u201c mit dem Empf\u00e4nger\nVorbereitung auf die Erz\u00e4hlung des Moderators\nArbeiten mit Text\nDiktion, K\u00f6rpersprache\n\uf0b7 Interview, Umfrage und Reportage (13.11.2024 17:00-20:00)\nInterview \u2013 Merkmale, Zweck, Arten und Grunds\u00e4tze der Vorbereitung\nUmfrage \u2013 Aufgabe, Zweck und Vorbereitungsregeln\nReportage \u2013 Arten, Geheimnisse der Vorbereitung\"><span class=\"Y2IQFc\" lang=\"de\">c) Medienpr\u00e4sentation (06.11.2024; 17:00-19:00) \u201eDate\u201c mit dem Empf\u00e4nger Vorbereitung auf die Erz\u00e4hlung des Moderators. Arbeit mit Text,Diktion, K\u00f6rpersprach. <\/span><\/p>\n<p class=\"tw-data-text tw-text-large tw-ta\" dir=\"ltr\" data-placeholder=\"T\u0142umaczenie\" data-ved=\"2ahUKEwjUlLXRlO-IAxUmBdsEHT1RGwEQ3ewLegQIBxAT\" aria-label=\"Przet\u0142umaczony tekst: \uf0b7 Medienpr\u00e4sentation (06.11.2024; 17:00-19:00)\n\u201eDate\u201c mit dem Empf\u00e4nger\nVorbereitung auf die Erz\u00e4hlung des Moderators\nArbeiten mit Text\nDiktion, K\u00f6rpersprache\n\uf0b7 Interview, Umfrage und Reportage (13.11.2024 17:00-20:00)\nInterview \u2013 Merkmale, Zweck, Arten und Grunds\u00e4tze der Vorbereitung\nUmfrage \u2013 Aufgabe, Zweck und Vorbereitungsregeln\nReportage \u2013 Arten, Geheimnisse der Vorbereitung\"><span class=\"Y2IQFc\" lang=\"de\">d) Interview, Umfrage und Reportage (13.11.2024 17:00-20:00) Interview \u2013 Merkmale, Zweck, Arten und Grunds\u00e4tze der Vorbereitung von Umfragen \u2013 Aufgabe, Zweck und Vorbereitungsregeln Reportage \u2013 Arten, Geheimnisse der Vorbereitung.<\/span><\/p>\n<div id=\"tw-target-text-container\" class=\"tw-ta-container F0azHf tw-nfl\" tabindex=\"0\">\n<p id=\"tw-target-text\" class=\"tw-data-text tw-text-large tw-ta\" dir=\"ltr\" data-placeholder=\"T\u0142umaczenie\" data-ved=\"2ahUKEwjUlLXRlO-IAxUmBdsEHT1RGwEQ3ewLegQIBxAT\" aria-label=\"Przet\u0142umaczony tekst: \uf0b7 Fotobericht (20. November 2024; 17:00-20:00)\nArten von Fotoreportagen und deren Planung\nGeheimnisse der Fotografie\nVorbereitung einer Fotoreportage und deren Umsetzung\n\uf0b7 Smartphone-Berichterstattung (27. November 2024; 17:00-20:00)\nTechniken und Tricks zur Bild- und Tonaufnahme mit dem Smartphone\nBearbeiten von Fotos auf mobilen Ger\u00e4ten\nTonverarbeitung auf einem Smartphone\nVideoverarbeitung auf einem Smartphone\nDer Kurs wird von einer erfahrenen Journalistin geleitet, die ihr praktisches Wissen weitergibt\nTipps und die neuesten Trends in der Welt der Medien.\"><span class=\"Y2IQFc\" lang=\"de\">e) Fotobericht (20. November 2024; 17:00-20:00) Arten von Fotoreportagen und deren Planung Geheimnisse der Fotografie Vorbereitung einer Fotoreportage und deren Umsetzung <\/span><\/p>\n<p class=\"tw-data-text tw-text-large tw-ta\" dir=\"ltr\" data-placeholder=\"T\u0142umaczenie\" data-ved=\"2ahUKEwjUlLXRlO-IAxUmBdsEHT1RGwEQ3ewLegQIBxAT\" aria-label=\"Przet\u0142umaczony tekst: \uf0b7 Fotobericht (20. November 2024; 17:00-20:00)\nArten von Fotoreportagen und deren Planung\nGeheimnisse der Fotografie\nVorbereitung einer Fotoreportage und deren Umsetzung\n\uf0b7 Smartphone-Berichterstattung (27. November 2024; 17:00-20:00)\nTechniken und Tricks zur Bild- und Tonaufnahme mit dem Smartphone\nBearbeiten von Fotos auf mobilen Ger\u00e4ten\nTonverarbeitung auf einem Smartphone\nVideoverarbeitung auf einem Smartphone\nDer Kurs wird von einer erfahrenen Journalistin geleitet, die ihr praktisches Wissen weitergibt\nTipps und die neuesten Trends in der Welt der Medien.\"><span class=\"Y2IQFc\" lang=\"de\">f) Smartphone-Berichterstattung (27. November 2024; 17:00-20:00) Techniken und Tricks zur Bild- und Tonaufnahme mit dem Smartphone. Bearbeiten von Fotos auf mobilen Ger\u00e4ten, Tonverarbeitung auf einem Smartphone, Videoverarbeitung auf einem Smartphone. <\/span><\/p>\n<p class=\"tw-data-text tw-text-large tw-ta\" dir=\"ltr\" data-placeholder=\"T\u0142umaczenie\" data-ved=\"2ahUKEwjUlLXRlO-IAxUmBdsEHT1RGwEQ3ewLegQIBxAT\" aria-label=\"Przet\u0142umaczony tekst: \uf0b7 Fotobericht (20. November 2024; 17:00-20:00)\nArten von Fotoreportagen und deren Planung\nGeheimnisse der Fotografie\nVorbereitung einer Fotoreportage und deren Umsetzung\n\uf0b7 Smartphone-Berichterstattung (27. November 2024; 17:00-20:00)\nTechniken und Tricks zur Bild- und Tonaufnahme mit dem Smartphone\nBearbeiten von Fotos auf mobilen Ger\u00e4ten\nTonverarbeitung auf einem Smartphone\nVideoverarbeitung auf einem Smartphone\nDer Kurs wird von einer erfahrenen Journalistin geleitet, die ihr praktisches Wissen weitergibt\nTipps und die neuesten Trends in der Welt der Medien.\"><span class=\"Y2IQFc\" lang=\"de\">Der Kurs wird von einer erfahrenen Journalistin geleitet, die ihr praktisches Wissen weitergibt,Tipps und die neuesten Trends in der Welt der Medien zeigt.<\/span><\/p>\n<div id=\"tw-target-text-container\" class=\"tw-ta-container F0azHf tw-nfl\" tabindex=\"0\">\n<p id=\"tw-target-text\" class=\"tw-data-text tw-text-large tw-ta\" dir=\"ltr\" data-placeholder=\"T\u0142umaczenie\" data-ved=\"2ahUKEwjUlLXRlO-IAxUmBdsEHT1RGwEQ3ewLegQIBxAT\" aria-label=\"Przet\u0142umaczony tekst: F\u00fcr wen ist dieser Kurs geeignet?\nDer Kurs richtet sich an alle Menschen, die ihre Medienkompetenz weiterentwickeln m\u00f6chten \u2013\n\nsowohl f\u00fcr Einsteiger als auch f\u00fcr diejenigen, die ihr Wissen vertiefen und Neues erwerben m\u00f6chten\nKompetenzen.\nKosten: 260,00 PLN\n120,00 PLN *\n*Mitglieder aus DFK-Kreisen\n\u00a0Die Anzahl der Pl\u00e4tze ist begrenzt \u2013 warten Sie nicht und melden Sie sich noch heute an!\nWir laden Sie herzlich ein!\"><span class=\"Y2IQFc\" lang=\"de\">F\u00fcr wen ist dieser Kurs geeignet? Der Kurs richtet sich an alle Menschen, die ihre Medienkompetenz weiterentwickeln m\u00f6chten \u2013 sowohl f\u00fcr Einsteiger als auch f\u00fcr diejenigen, die ihr Wissen vertiefen und Neue Kompetenzen erwerben m\u00f6chten. <\/span><\/p>\n<p class=\"tw-data-text tw-text-large tw-ta\" dir=\"ltr\" data-placeholder=\"T\u0142umaczenie\" data-ved=\"2ahUKEwjUlLXRlO-IAxUmBdsEHT1RGwEQ3ewLegQIBxAT\" aria-label=\"Przet\u0142umaczony tekst: F\u00fcr wen ist dieser Kurs geeignet?\nDer Kurs richtet sich an alle Menschen, die ihre Medienkompetenz weiterentwickeln m\u00f6chten \u2013\n\nsowohl f\u00fcr Einsteiger als auch f\u00fcr diejenigen, die ihr Wissen vertiefen und Neues erwerben m\u00f6chten\nKompetenzen.\nKosten: 260,00 PLN\n120,00 PLN *\n*Mitglieder aus DFK-Kreisen\n\u00a0Die Anzahl der Pl\u00e4tze ist begrenzt \u2013 warten Sie nicht und melden Sie sich noch heute an!\nWir laden Sie herzlich ein!\"><span class=\"Y2IQFc\" lang=\"de\">Kosten: 260,00 PLN 120,00 PLN * *Mitglieder aus DFK-Kreisen.<\/span><\/p>\n<p class=\"tw-data-text tw-text-large tw-ta\" dir=\"ltr\" data-placeholder=\"T\u0142umaczenie\" data-ved=\"2ahUKEwjUlLXRlO-IAxUmBdsEHT1RGwEQ3ewLegQIBxAT\" aria-label=\"Przet\u0142umaczony tekst: F\u00fcr wen ist dieser Kurs geeignet?\nDer Kurs richtet sich an alle Menschen, die ihre Medienkompetenz weiterentwickeln m\u00f6chten \u2013\n\nsowohl f\u00fcr Einsteiger als auch f\u00fcr diejenigen, die ihr Wissen vertiefen und Neues erwerben m\u00f6chten\nKompetenzen.\nKosten: 260,00 PLN\n120,00 PLN *\n*Mitglieder aus DFK-Kreisen\n\u00a0Die Anzahl der Pl\u00e4tze ist begrenzt \u2013 warten Sie nicht und melden Sie sich noch heute an!\nWir laden Sie herzlich ein!\"><span class=\"Y2IQFc\" lang=\"de\">Die Anzahl der Pl\u00e4tze ist begrenzt \u2013 warten Sie nicht und melden Sie sich noch heute an! <\/span><\/p>\n<p class=\"tw-data-text tw-text-large tw-ta\" dir=\"ltr\" data-placeholder=\"T\u0142umaczenie\" data-ved=\"2ahUKEwjUlLXRlO-IAxUmBdsEHT1RGwEQ3ewLegQIBxAT\" aria-label=\"Przet\u0142umaczony tekst: F\u00fcr wen ist dieser Kurs geeignet?\nDer Kurs richtet sich an alle Menschen, die ihre Medienkompetenz weiterentwickeln m\u00f6chten \u2013\n\nsowohl f\u00fcr Einsteiger als auch f\u00fcr diejenigen, die ihr Wissen vertiefen und Neues erwerben m\u00f6chten\nKompetenzen.\nKosten: 260,00 PLN\n120,00 PLN *\n*Mitglieder aus DFK-Kreisen\n\u00a0Die Anzahl der Pl\u00e4tze ist begrenzt \u2013 warten Sie nicht und melden Sie sich noch heute an!\nWir laden Sie herzlich ein!\"><span class=\"Y2IQFc\" lang=\"de\">Wir laden Sie herzlich ein!<\/span><\/p>\n<\/div>\n<div id=\"tw-target-rmn-container\" class=\"tw-target-rmn tw-ta-container F0azHf tw-nfl\">\n<pre id=\"tw-target-rmn\" class=\"tw-data-placeholder tw-text-small tw-ta\" dir=\"ltr\" data-placeholder=\"\"><\/pre>\n<\/div>\n<div class=\"iYB33c\">\n<div class=\"dlJLJe\">\n<div data-cviv=\"false\" data-ved=\"2ahUKEwjUlLXRlO-IAxUmBdsEHT1RGwEQz_AEegQIBxAU\">\n<div class=\"U9URNb\"><\/div>\n<\/div>\n<\/div>\n<\/div>\n<\/div>\n<div id=\"tw-target-rmn-container\" class=\"tw-target-rmn tw-ta-container F0azHf tw-nfl\">\n<pre id=\"tw-target-rmn\" class=\"tw-data-placeholder tw-text-small tw-ta\" dir=\"ltr\" data-placeholder=\"\"><\/pre>\n<\/div>\n<\/div>\n<div id=\"tw-target-rmn-container\" class=\"tw-target-rmn tw-ta-container F0azHf tw-nfl\">\n<pre id=\"tw-target-rmn\" class=\"tw-data-placeholder tw-text-small tw-ta\" dir=\"ltr\" data-placeholder=\"\"><\/pre>\n<\/div>\n<p><\/p>","protected":false},"excerpt":{"rendered":"<p>Wir laden Sie herzlich ein, am beginnenden Online-Medienkurs teilzunehmen der am 23. Oktober 2024 um 17 Uhr stattfindet. Dies ist eine einzigartige Gelegenheit, praktische F\u00e4higkeiten in den Medien zu erwerben und sich mit modernen Kommunikationsmitteln vertraut zu machen. Der Kurs beinhaltet eine umfassende Schulung und gliedert sich in folgende Themen: a) Einf\u00fchrung in die Welt [&hellip;]<\/p>\n","protected":false},"author":12,"featured_media":13204,"comment_status":"closed","ping_status":"open","sticky":false,"template":"","format":"standard","meta":[],"categories":[126],"tags":[],"_links":{"self":[{"href":"https:\/\/dfkschlesien.pl\/de\/wp-json\/wp\/v2\/posts\/13203"}],"collection":[{"href":"https:\/\/dfkschlesien.pl\/de\/wp-json\/wp\/v2\/posts"}],"about":[{"href":"https:\/\/dfkschlesien.pl\/de\/wp-json\/wp\/v2\/types\/post"}],"author":[{"embeddable":true,"href":"https:\/\/dfkschlesien.pl\/de\/wp-json\/wp\/v2\/users\/12"}],"replies":[{"embeddable":true,"href":"https:\/\/dfkschlesien.pl\/de\/wp-json\/wp\/v2\/comments?post=13203"}],"version-history":[{"count":5,"href":"https:\/\/dfkschlesien.pl\/de\/wp-json\/wp\/v2\/posts\/13203\/revisions"}],"predecessor-version":[{"id":13209,"href":"https:\/\/dfkschlesien.pl\/de\/wp-json\/wp\/v2\/posts\/13203\/revisions\/13209"}],"wp:featuredmedia":[{"embeddable":true,"href":"https:\/\/dfkschlesien.pl\/de\/wp-json\/wp\/v2\/media\/13204"}],"wp:attachment":[{"href":"https:\/\/dfkschlesien.pl\/de\/wp-json\/wp\/v2\/media?parent=13203"}],"wp:term":[{"taxonomy":"category","embeddable":true,"href":"https:\/\/dfkschlesien.pl\/de\/wp-json\/wp\/v2\/categories?post=13203"},{"taxonomy":"post_tag","embeddable":true,"href":"https:\/\/dfkschlesien.pl\/de\/wp-json\/wp\/v2\/tags?post=13203"}],"curies":[{"name":"wp","href":"https:\/\/api.w.org\/{rel}","templated":true}]}}