{"id":13243,"date":"2024-11-15T11:37:32","date_gmt":"2024-11-15T10:37:32","guid":{"rendered":"https:\/\/dfkschlesien.pl\/?p=13243"},"modified":"2024-11-15T11:37:32","modified_gmt":"2024-11-15T10:37:32","slug":"konkursu-piosenki-niemieckojezycznej","status":"publish","type":"post","link":"https:\/\/dfkschlesien.pl\/de\/2024\/11\/15\/konkursu-piosenki-niemieckojezycznej\/","title":{"rendered":"Gesangswettbewerb in der deutschen Sprache"},"content":{"rendered":"<p><\/p>\n<div class=\"x11i5rnm xat24cr x1mh8g0r x1vvkbs xtlvy1s x126k92a\">\n<div dir=\"auto\">W\u00e4hrend der feierlichen Gala, die am 13. November 2024 im Jugendkulturhaus in Ratibor stattfand, wurden die Gewinner des 23. Gesangswettbewerbs in der deutschen Sprache ausgezeichnet, einer Initiative des DFK Schlesien. Es wurden 17 Solistinnen und Solisten sowie 11 Duos in vier Alterskategorien geehrt. An der Gala nahmen auch Ehreng\u00e4ste teil, darunter eine Delegation des Bundes der Vertriebenen (BdV) aus Th\u00fcringen \u2013 Horst J\u00fcngling, Norbert Sch\u00fctz und Brigitte Pupowski, Martin Lippa \u2013 Vorsitzender der Sozial-Kulturellen Gesellschaft der Deutschen in der Woi. Schlesien, Wioletta Organi\u015bciok \u2013 Leiterin des B\u00fcros der Sejmabgeordneten Gabriela Lenartowicz sowie Katarzyna Go\u0142\u0119biowska \u2013 Leiterin des B\u00fcros des Senators Henryk Siedlaczek.<\/div>\n<\/div>\n<div class=\"x11i5rnm xat24cr x1mh8g0r x1vvkbs xtlvy1s x126k92a\">\n<div dir=\"auto\">Das Vorsingen fand am 23. und 24. Oktober statt, und die Gesangs- sowie Sprachkompetenzen der Teilnehmer wurden von einer Jury bewertet, bestehend aus Kornelia Pawliczek-B\u0142o\u0144ska, Dr. Cecylia Jarmu\u0142a und Dr. Estera Jasita.<\/div>\n<div dir=\"auto\"><\/div>\n<\/div>\n<div class=\"x11i5rnm xat24cr x1mh8g0r x1vvkbs xtlvy1s x126k92a\">\n<div dir=\"auto\">Der Wettbewerb wurde dank finanzieller Unterst\u00fctzung des Innenministeriums in Warschau und des deutschen Konsulats in Oppeln veranstaltet. Die Preise stiftete auch Senator Henryk Siedlaczek. Die Schirmherrschaft \u00fcbernahmen die Abgeordnete zum Sejm der Republik Polen, Gabriela Lenartowicz, sowie der Landrat von Ratibor, Grzegorz Swoboda.<\/div>\n<\/div>\n<div dir=\"auto\"><\/div>\n<div dir=\"auto\">Fotos findes Sie auf der Facebookseite https:\/\/www.facebook.com\/dfkschlesien\/<\/div>\n<p><\/p>","protected":false},"excerpt":{"rendered":"<p>W\u00e4hrend der feierlichen Gala, die am 13. November 2024 im Jugendkulturhaus in Ratibor stattfand, wurden die Gewinner des 23. Gesangswettbewerbs in der deutschen Sprache ausgezeichnet, einer Initiative des DFK Schlesien. Es wurden 17 Solistinnen und Solisten sowie 11 Duos in vier Alterskategorien geehrt. An der Gala nahmen auch Ehreng\u00e4ste teil, darunter eine Delegation des Bundes [&hellip;]<\/p>\n","protected":false},"author":12,"featured_media":13246,"comment_status":"closed","ping_status":"open","sticky":false,"template":"","format":"standard","meta":[],"categories":[125],"tags":[],"_links":{"self":[{"href":"https:\/\/dfkschlesien.pl\/de\/wp-json\/wp\/v2\/posts\/13243"}],"collection":[{"href":"https:\/\/dfkschlesien.pl\/de\/wp-json\/wp\/v2\/posts"}],"about":[{"href":"https:\/\/dfkschlesien.pl\/de\/wp-json\/wp\/v2\/types\/post"}],"author":[{"embeddable":true,"href":"https:\/\/dfkschlesien.pl\/de\/wp-json\/wp\/v2\/users\/12"}],"replies":[{"embeddable":true,"href":"https:\/\/dfkschlesien.pl\/de\/wp-json\/wp\/v2\/comments?post=13243"}],"version-history":[{"count":3,"href":"https:\/\/dfkschlesien.pl\/de\/wp-json\/wp\/v2\/posts\/13243\/revisions"}],"predecessor-version":[{"id":13247,"href":"https:\/\/dfkschlesien.pl\/de\/wp-json\/wp\/v2\/posts\/13243\/revisions\/13247"}],"wp:featuredmedia":[{"embeddable":true,"href":"https:\/\/dfkschlesien.pl\/de\/wp-json\/wp\/v2\/media\/13246"}],"wp:attachment":[{"href":"https:\/\/dfkschlesien.pl\/de\/wp-json\/wp\/v2\/media?parent=13243"}],"wp:term":[{"taxonomy":"category","embeddable":true,"href":"https:\/\/dfkschlesien.pl\/de\/wp-json\/wp\/v2\/categories?post=13243"},{"taxonomy":"post_tag","embeddable":true,"href":"https:\/\/dfkschlesien.pl\/de\/wp-json\/wp\/v2\/tags?post=13243"}],"curies":[{"name":"wp","href":"https:\/\/api.w.org\/{rel}","templated":true}]}}