{"id":13285,"date":"2024-12-23T10:19:18","date_gmt":"2024-12-23T09:19:18","guid":{"rendered":"https:\/\/dfkschlesien.pl\/?p=13285"},"modified":"2024-12-23T10:34:21","modified_gmt":"2024-12-23T09:34:21","slug":"deutsch-frohe-weihnachten","status":"publish","type":"post","link":"https:\/\/dfkschlesien.pl\/de\/2024\/12\/23\/deutsch-frohe-weihnachten\/","title":{"rendered":"Frohe Weihnachten"},"content":{"rendered":"<p class=\"qtranxs-available-languages-message qtranxs-available-languages-message-de\">Przepraszamy, ten wpis jest dost\u0119pny tylko w j\u0119zyku  <a href=\"https:\/\/dfkschlesien.pl\/pl\/wp-json\/wp\/v2\/posts\/13285\" class=\"qtranxs-available-language-link qtranxs-available-language-link-pl\" title=\"Polski\">Polski<\/a>.  <\/p><p><\/p>\n<p class=\"cvGsUA direction-ltr align-center para-style-body\"><span class=\"OYPEnA font-feature-liga-off font-feature-clig-off font-feature-calt-off text-decoration-none text-strikethrough-none\">\u201eWeso\u0142ych \u015awi\u0105t Bo\u017cego Narodzenia i radosnych \u015awi\u0105t Bo\u017cego Narodzenia \u2013 <\/span><\/p>\n<p class=\"cvGsUA direction-ltr align-center para-style-body\"><span class=\"OYPEnA font-feature-liga-off font-feature-clig-off font-feature-calt-off text-decoration-none text-strikethrough-none\">aby pok\u00f3j i Bo\u017ce b\u0142ogos\u0142awie\u0144stwo towarzyszy\u0142y wam w czasie \u015awi\u0105t Bo\u017cego Narodzenia i poza nimi!\u201d<\/span><\/p>\n<p>&nbsp;<\/p>\n<p class=\"cvGsUA direction-ltr align-center para-style-body\"><span class=\"OYPEnA font-feature-liga-off font-feature-clig-off font-feature-calt-off text-decoration-none text-strikethrough-none\">\u017byczy Zarz\u0105d oraz Pracownicy Towarzystwa Spo\u0142eczno-Kulturalnego Niemc\u00f3w Wojew\u00f3dztwa \u015al\u0105skiego.<\/span><\/p>\n<p><\/p>","protected":false},"excerpt":{"rendered":"<p>Przepraszamy, ten wpis jest dost\u0119pny tylko w j\u0119zyku Polski. \u201eWeso\u0142ych \u015awi\u0105t Bo\u017cego Narodzenia i radosnych \u015awi\u0105t Bo\u017cego Narodzenia \u2013 aby pok\u00f3j i Bo\u017ce b\u0142ogos\u0142awie\u0144stwo towarzyszy\u0142y wam w czasie \u015awi\u0105t Bo\u017cego Narodzenia i poza nimi!\u201d &nbsp; \u017byczy Zarz\u0105d oraz Pracownicy Towarzystwa Spo\u0142eczno-Kulturalnego Niemc\u00f3w Wojew\u00f3dztwa \u015al\u0105skiego.<\/p>\n","protected":false},"author":12,"featured_media":13286,"comment_status":"closed","ping_status":"open","sticky":false,"template":"","format":"standard","meta":[],"categories":[125],"tags":[],"_links":{"self":[{"href":"https:\/\/dfkschlesien.pl\/de\/wp-json\/wp\/v2\/posts\/13285"}],"collection":[{"href":"https:\/\/dfkschlesien.pl\/de\/wp-json\/wp\/v2\/posts"}],"about":[{"href":"https:\/\/dfkschlesien.pl\/de\/wp-json\/wp\/v2\/types\/post"}],"author":[{"embeddable":true,"href":"https:\/\/dfkschlesien.pl\/de\/wp-json\/wp\/v2\/users\/12"}],"replies":[{"embeddable":true,"href":"https:\/\/dfkschlesien.pl\/de\/wp-json\/wp\/v2\/comments?post=13285"}],"version-history":[{"count":5,"href":"https:\/\/dfkschlesien.pl\/de\/wp-json\/wp\/v2\/posts\/13285\/revisions"}],"predecessor-version":[{"id":13292,"href":"https:\/\/dfkschlesien.pl\/de\/wp-json\/wp\/v2\/posts\/13285\/revisions\/13292"}],"wp:featuredmedia":[{"embeddable":true,"href":"https:\/\/dfkschlesien.pl\/de\/wp-json\/wp\/v2\/media\/13286"}],"wp:attachment":[{"href":"https:\/\/dfkschlesien.pl\/de\/wp-json\/wp\/v2\/media?parent=13285"}],"wp:term":[{"taxonomy":"category","embeddable":true,"href":"https:\/\/dfkschlesien.pl\/de\/wp-json\/wp\/v2\/categories?post=13285"},{"taxonomy":"post_tag","embeddable":true,"href":"https:\/\/dfkschlesien.pl\/de\/wp-json\/wp\/v2\/tags?post=13285"}],"curies":[{"name":"wp","href":"https:\/\/api.w.org\/{rel}","templated":true}]}}